							
{"id":1631,"date":"2019-06-26T17:56:07","date_gmt":"2019-06-26T17:56:07","guid":{"rendered":"http:\/\/www.ciacipiruli.com\/?p=1631"},"modified":"2019-06-26T17:56:07","modified_gmt":"2019-06-26T17:56:07","slug":"i-bb-producono-cosi-tanti-rifiuti-da-giustificare-un-aumento-della-tari","status":"publish","type":"post","link":"http:\/\/www.ciacipiruli.com\/?p=1631","title":{"rendered":"I b&amp;b producono cos\u00ec tanti rifiuti da giustificare un aumento della Tari?"},"content":{"rendered":"<p>Ciao a tutti,<\/p>\n<p>dopo un periodo piuttosto lungo di assenza totale, vorrei aprire una nuova sezione del blog in cui vi parler\u00f2 principalmente di affitti brevi e tutto ci\u00f2 che riguarda il settore extralberghiero.<\/p>\n<p>Proprio ieri ho scoperto tramite un&#8217;amica che ha recentemente aperto un b&amp;b in Sardegna che \u00e8 prevista una maggiorazione della Tari (la tassa sui rifiuti) per i b&amp;b, in quanto produrrebbero rifiuti in quantit\u00e0 sensibilmente maggiore rispetto ad una normale famiglia.<\/p>\n<p>In questo post vorrei smentire questa teoria.<\/p>\n<p>Innanzitutto consideriamo gli spazi effettivi a cui gli ospiti hanno accesso durante il soggiorno, ovvero una camera da letto, un bagno ed una sala colazioni.<\/p>\n<p><strong>SALA COLAZIONI.<\/strong><\/p>\n<p><a href=\"http:\/\/www.ciacipiruli.com\/wp-content\/uploads\/2019\/06\/wisteria_airbnb_mauronster_0276-HDR_blog.jpg\"><img loading=\"lazy\" decoding=\"async\" class=\"alignnone size-medium wp-image-1634\" src=\"http:\/\/www.ciacipiruli.com\/wp-content\/uploads\/2019\/06\/wisteria_airbnb_mauronster_0276-HDR_blog-200x300.jpg\" alt=\"\" width=\"200\" height=\"300\" srcset=\"http:\/\/www.ciacipiruli.com\/wp-content\/uploads\/2019\/06\/wisteria_airbnb_mauronster_0276-HDR_blog-200x300.jpg 200w, http:\/\/www.ciacipiruli.com\/wp-content\/uploads\/2019\/06\/wisteria_airbnb_mauronster_0276-HDR_blog-210x315.jpg 210w, http:\/\/www.ciacipiruli.com\/wp-content\/uploads\/2019\/06\/wisteria_airbnb_mauronster_0276-HDR_blog.jpg 567w\" sizes=\"auto, (max-width: 200px) 100vw, 200px\" \/><\/a><\/p>\n<p>&nbsp;<\/p>\n<p>Partiamo dall&#8217;ultimo spazio citato, la sala colazioni, che non \u00e8 equiparabile ad una vera e propria cucina in cui gli ospiti possono spadellare allegramente e cucinare a tutte le ore del giorno e della notte, ma \u00e8 uno spazio, solitamente accessibile solo ed esclusivamente durante l&#8217;orario della colazione, in cui gli ospiti possono scegliere tra una serie di cibi\u00a0 confezionati oppure fatti in casa, secondo le nuove direttive regionali emanate nel 2018.<\/p>\n<p>E&#8217; chiaro che la scelta di servire prodotti confezionati singolarmente, che certamente non sono n\u00e9 a km zero n\u00e9 tanto meno sostengono l&#8217;economia locale, in quanto prodotti industriali figli di grosse catene produttive che spesso non eccelgono in quanto a valori nutrizionali e qualit\u00e0 delle materie prime, sia penalizzante sotto vari aspetti.<\/p>\n<p>Innanzitutto genera malumore tra gli ospiti, soprattutto quelli stranieri, che si aspettano di trovare prodotti tipici e delizie fatte in casa dalle mani di massaie devote alla tradizione. Inoltre fa si che si producano maggiori quantit\u00e0 di rifiuti, dato che i prodotti vengono confezionati singolarmente.<\/p>\n<p>Naturalmente il mio consiglio \u00e8 quello di impegnarsi un po&#8217; e di preparare con le proprie mani cibi sani e gustosi da servire ai propri ospiti.<\/p>\n<p>Ad ogni modo, analizzeremo la situazione di un b&amp;b che sceglie di servire prodotti confezionati, in modo da analizzare lo scenario peggiore.<\/p>\n<p>Ecco la colazione tipo di un b&amp;b:<\/p>\n<ul>\n<li>bevanda a scelta tra caff\u00e8 e t\u00e8 (in cialda)<\/li>\n<li>2 marmellate monoporzione<\/li>\n<li>1 confezione di fette biscottate<\/li>\n<li>1 merendina confezionata<\/li>\n<li>2 tovagliolini di carta<\/li>\n<\/ul>\n<p><em>In termini di grammi di rifiuti questa colazione genera<\/em>:<\/p>\n<ul>\n<li>cialda t\u00e8 o caff\u00e8: <em>5 g<\/em> la capsula in polipropilene di grado alimentare e <em>7 g <\/em>di caff\u00e8<\/li>\n<li>marmellata monoporzione: <em>2 g<\/em> di plastica<\/li>\n<li>busta in plastica delle fette biscottate: <em>1 grammo<\/em> di plastica<\/li>\n<li>busta in plastica per la merendina: <em>1 grammo<\/em> di plastica<\/li>\n<li>2 tovagliolini di carta: ipotizziamo <em>1 grammo<\/em>, ma \u00e8 anche meno!<\/li>\n<\/ul>\n<p>TOTALE:<\/p>\n<p><strong>UMIDO<\/strong>: circa <em>7 grammi<\/em><\/p>\n<p><strong>PLASTICA<\/strong>: <em>11 grammi <\/em>(5+2&#215;2+1+1)<\/p>\n<p><strong>CARTA<\/strong>: <em>1 grammo<\/em><\/p>\n<p>&nbsp;<\/p>\n<p><strong>BAGNO<\/strong><\/p>\n<p><a href=\"http:\/\/www.ciacipiruli.com\/wp-content\/uploads\/2019\/06\/wisteria_airbnb_mauronster_0092-HDR_BLOG.jpg\"><img loading=\"lazy\" decoding=\"async\" class=\"alignnone size-medium wp-image-1636\" src=\"http:\/\/www.ciacipiruli.com\/wp-content\/uploads\/2019\/06\/wisteria_airbnb_mauronster_0092-HDR_BLOG-300x200.jpg\" alt=\"\" width=\"300\" height=\"200\" srcset=\"http:\/\/www.ciacipiruli.com\/wp-content\/uploads\/2019\/06\/wisteria_airbnb_mauronster_0092-HDR_BLOG-300x200.jpg 300w, http:\/\/www.ciacipiruli.com\/wp-content\/uploads\/2019\/06\/wisteria_airbnb_mauronster_0092-HDR_BLOG-768x512.jpg 768w, http:\/\/www.ciacipiruli.com\/wp-content\/uploads\/2019\/06\/wisteria_airbnb_mauronster_0092-HDR_BLOG-1024x683.jpg 1024w, http:\/\/www.ciacipiruli.com\/wp-content\/uploads\/2019\/06\/wisteria_airbnb_mauronster_0092-HDR_BLOG-210x140.jpg 210w, http:\/\/www.ciacipiruli.com\/wp-content\/uploads\/2019\/06\/wisteria_airbnb_mauronster_0092-HDR_BLOG-600x400.jpg 600w, http:\/\/www.ciacipiruli.com\/wp-content\/uploads\/2019\/06\/wisteria_airbnb_mauronster_0092-HDR_BLOG.jpg 1594w\" sizes=\"auto, (max-width: 300px) 100vw, 300px\" \/><\/a><\/p>\n<p>Si stima che il consumo medio di carta igienica sia pari a circa 2,2 metri al giorno a persona, ovvero circa 11 grammi al giorno, che vanno nell&#8217;indifferenziato.<\/p>\n<p>Non ho volutamente considerato i flaconi di plastica per shampoo e bagnoschiuma dal momento che si possono acquistare flaconi da 5 litri che poi possono essere travasati all&#8217;interno di recipienti pi\u00f9 piccoli da sistemare nei bagni.<\/p>\n<p>TOTALE RIFIUTI PRODOTTI IN BAGNO:<\/p>\n<p><strong>SECCO<\/strong>: <em>11 g<\/em><\/p>\n<p><strong>CAMERA DA LETTO.<\/strong><\/p>\n<p><a href=\"http:\/\/www.ciacipiruli.com\/wp-content\/uploads\/2019\/06\/wisteria_airbnb_mauronster_0122-HDR_BLOG.jpg\"><img loading=\"lazy\" decoding=\"async\" class=\"alignnone size-medium wp-image-1637\" src=\"http:\/\/www.ciacipiruli.com\/wp-content\/uploads\/2019\/06\/wisteria_airbnb_mauronster_0122-HDR_BLOG-300x200.jpg\" alt=\"\" width=\"300\" height=\"200\" srcset=\"http:\/\/www.ciacipiruli.com\/wp-content\/uploads\/2019\/06\/wisteria_airbnb_mauronster_0122-HDR_BLOG-300x200.jpg 300w, http:\/\/www.ciacipiruli.com\/wp-content\/uploads\/2019\/06\/wisteria_airbnb_mauronster_0122-HDR_BLOG-768x512.jpg 768w, http:\/\/www.ciacipiruli.com\/wp-content\/uploads\/2019\/06\/wisteria_airbnb_mauronster_0122-HDR_BLOG-1024x683.jpg 1024w, http:\/\/www.ciacipiruli.com\/wp-content\/uploads\/2019\/06\/wisteria_airbnb_mauronster_0122-HDR_BLOG-210x140.jpg 210w, http:\/\/www.ciacipiruli.com\/wp-content\/uploads\/2019\/06\/wisteria_airbnb_mauronster_0122-HDR_BLOG-600x400.jpg 600w, http:\/\/www.ciacipiruli.com\/wp-content\/uploads\/2019\/06\/wisteria_airbnb_mauronster_0122-HDR_BLOG.jpg 1500w\" sizes=\"auto, (max-width: 300px) 100vw, 300px\" \/><\/a><\/p>\n<p>In questo ambiente viene solitamente messo un cestino (cos\u00ec \u00e8 previsto dalla normativa) in cui gli ospiti possono eliminare fazzoletti di carta, bottigliette di plastica, ecc.<\/p>\n<p>Basterebbe sensibilizzare gli ospiti e dotare anche le camere di vari cestini piccoli in cui si possa fare la raccolta differenziata.<\/p>\n<p>Ipotizziamo che durante una giornata un ospite butti i seguenti oggetti:<\/p>\n<p>1 bottiglietta di plastica da mezzo litro;<\/p>\n<p>2 fazzoletti in carta<\/p>\n<p>2 biglietti dell&#8217;autobus\/metro<\/p>\n<p><em>La quantit\u00e0 di rifiuti generata \u00e8 pari a<\/em>:<\/p>\n<p><strong>PLASTICA<\/strong>: <em>25 g<\/em><\/p>\n<p><strong>SECCO<\/strong>: <em>2 g<\/em><\/p>\n<p><strong>CARTA<\/strong>: <em>1 g<\/em><\/p>\n<p>Facendo alcuni rapidi conti troviamo facilmente che ogni persona incide nel bilancio dei rifiuti generati da un b&amp;b per circa <strong>58 grammi<\/strong>, dei quali 19 generati solo dalla colazione fatta con i monoporzione.<\/p>\n<p>Secondo i dati del <a href=\"http:\/\/www.isprambiente.gov.it\/files2018\/pubblicazioni\/rapporti\/RapportoRif297.pdf\">Rapporto Rifiuti Urbani Edizione 2018 di Isprambiente<\/a>, la produzione di rifiuti pro capite in Italia \u00e8 pari a 488 Kg all&#8217;anno, dunque <strong>1,35 kg<\/strong> al giorno a persona, quindi <strong>1350 g al giorno<\/strong>. Comparando questo dato con quello che abbiamo ottenuto sopra, pari ad appena <strong>58 g<\/strong>, possiamo capire come in realt\u00e0 un ospite di un b&amp;b, che non vive stabilmente all&#8217;interno della struttura e che non ha accesso a tutte le funzioni di una casa non incide nel bilancio della produzione di rifiuti di una famiglia tanto da giustificare un aumento della Tari per i gestori di b&amp;b.<\/p>\n<p>Se all&#8217;interno di un b&amp;b con 6 posti letto e 3 camere come previsto dalla normativa regionale, si avesse il pienone e quindi tutte le camere occupate, la quantit\u00e0 di rifiuti sarebbe pari a 58 g x 6 ovvero <strong>348 g<\/strong>, il 25,77% della produzione media di rifiuti procapite al giorno.<\/p>\n<p>Consideriamo anche che la Sardegna \u00e8 una regione in cui i flussi di turisti si concentrano nel periodo estivo, da aprile a ottobre e che dunque nei restanti mesi dell&#8217;anno i b&amp;b lavorano molto meno e pertanto la quantit\u00e0 di rifiuti prodotti diminuisce ulteriormente.<\/p>\n<p>La normativa regionale della Regione Sardegna ha gi\u00e0 fatto un enorme passo avanti consentendo ai proprietari di b&amp;b di preparare da s\u00e9 la colazione per gli ospiti, che non solo fa si che si dimmezzi la quantit\u00e0 di rifiuti prodotti, che \u00e8 alquanto bassa comunque, ma aiuta l&#8217;economia locale e gli ospiti sono molto pi\u00f9 felici dell&#8217;esperienza complessiva dei loro soggiorni.<\/p>\n<p>In conclusione ci sarebbero tanti accorgimenti da proporre anche ai gestori di b&amp;b per evitare gli sprechi, come ad esempio dotarsi di dispenser di acqua potabile o servire l&#8217;acqua del rubinetto al posto dell&#8217;acqua minerale, che eliminerebbe la necessit\u00e0 di usare e buttare bottiglie di plastica, ma una riflessione profonda deve partire dai gestori di b&amp;b ed arrivare a chi di dovere per far capire che il settore extralberghiero \u00e8 una realt\u00e0 che esiste e che permette anche ai territori pi\u00f9 depressi, quelli in cui nessuno mai andrebbe a costruire alberghi tanto per capirci, di farsi conoscere e di generare posti di lavoro.<\/p>\n<p>Non tutti vogliono le stesse cose cose e gli stessi servizi, ma bisogna essere in grado di accontentare tutti.<\/p>\n<p>Spero che questo post possa accendere le coscienze.<\/p>\n<p>Roberta<\/p>\n<p>photocredits: <a href=\"http:\/\/www.mauronster.it\">Mauronster<\/a><\/p>\n","protected":false},"excerpt":{"rendered":"<p>Ciao a tutti, dopo un periodo piuttosto lungo di assenza totale, vorrei aprire una nuova sezione del blog in cui vi parler\u00f2 principalmente di affitti brevi e tutto ci\u00f2 che riguarda il settore extralberghiero. Proprio ieri ho scoperto tramite un&#8217;amica che ha recentemente aperto un b&amp;b in Sardegna che \u00e8 prevista una maggiorazione della Tari [&hellip;]<\/p>\n","protected":false},"author":2,"featured_media":1634,"comment_status":"open","ping_status":"open","sticky":false,"template":"","format":"standard","meta":{"footnotes":""},"categories":[4],"tags":[380,369,370,379,374,377,378,372,382,381,383,116,371,373,375,376],"class_list":["post-1631","post","type-post","status-publish","format-standard","has-post-thumbnail","hentry","category-life","tag-affitti-brevi","tag-bb","tag-bedbreakfast","tag-casevacanza","tag-extralberghiero","tag-holidays","tag-hotel","tag-imu","tag-iun","tag-locazioni-turistiche","tag-regione-sardegna","tag-sardegna","tag-tari","tag-tasse","tag-turismo","tag-vacanze"],"_links":{"self":[{"href":"http:\/\/www.ciacipiruli.com\/index.php?rest_route=\/wp\/v2\/posts\/1631","targetHints":{"allow":["GET"]}}],"collection":[{"href":"http:\/\/www.ciacipiruli.com\/index.php?rest_route=\/wp\/v2\/posts"}],"about":[{"href":"http:\/\/www.ciacipiruli.com\/index.php?rest_route=\/wp\/v2\/types\/post"}],"author":[{"embeddable":true,"href":"http:\/\/www.ciacipiruli.com\/index.php?rest_route=\/wp\/v2\/users\/2"}],"replies":[{"embeddable":true,"href":"http:\/\/www.ciacipiruli.com\/index.php?rest_route=%2Fwp%2Fv2%2Fcomments&post=1631"}],"version-history":[{"count":3,"href":"http:\/\/www.ciacipiruli.com\/index.php?rest_route=\/wp\/v2\/posts\/1631\/revisions"}],"predecessor-version":[{"id":1638,"href":"http:\/\/www.ciacipiruli.com\/index.php?rest_route=\/wp\/v2\/posts\/1631\/revisions\/1638"}],"wp:featuredmedia":[{"embeddable":true,"href":"http:\/\/www.ciacipiruli.com\/index.php?rest_route=\/wp\/v2\/media\/1634"}],"wp:attachment":[{"href":"http:\/\/www.ciacipiruli.com\/index.php?rest_route=%2Fwp%2Fv2%2Fmedia&parent=1631"}],"wp:term":[{"taxonomy":"category","embeddable":true,"href":"http:\/\/www.ciacipiruli.com\/index.php?rest_route=%2Fwp%2Fv2%2Fcategories&post=1631"},{"taxonomy":"post_tag","embeddable":true,"href":"http:\/\/www.ciacipiruli.com\/index.php?rest_route=%2Fwp%2Fv2%2Ftags&post=1631"}],"curies":[{"name":"wp","href":"https:\/\/api.w.org\/{rel}","templated":true}]}}