							
{"id":307,"date":"2014-05-07T08:13:45","date_gmt":"2014-05-07T08:13:45","guid":{"rendered":"http:\/\/ciacipiruli.wordpress.com\/?p=307"},"modified":"2020-06-10T15:22:28","modified_gmt":"2020-06-10T15:22:28","slug":"concorso-fotografico_concurso-fotografico_photographic-contest","status":"publish","type":"post","link":"http:\/\/www.ciacipiruli.com\/?p=307","title":{"rendered":"Concorso fotografico_Concurso fotogr\u00e1fico_Photographic Contest"},"content":{"rendered":"<p style=\"text-align: right\">IT<\/p>\n<p>Ciao a tutti,<\/p>\n<p>Sto partecipando a un concorso fotografico indetto dal Drim Caf\u00e8 di Oristano che ha come tema la Settimana Santa in Sardegna, e avrei bisogno del vostro aiuto.<\/p>\n<p>Si tratta semplicemente di mettere un &#8220;mipiace&#8221; alla mia foto a questo<a href=\"https:\/\/www.facebook.com\/photo.php?fbid=487727041354360&amp;set=a.487727018021029.1073741926.412234668903598&amp;type=1&amp;theater\"> indirizzo<\/a>. La foto \u00e8 la N2.<\/p>\n<p>La foto con cui partecipo l\u2019ho scattata durante la processione serale che fa parte dei riti del Venerd\u00ec Santo di Cagliari. Se volete vedere anche le altre foto scattate durante le vacanze di Pasqua potete andare a vedere il post <a href=\"http:\/\/ciacipiruli.wordpress.com\/2014\/04\/25\/pasqua-in-sardegna\/\">Pasqua in Sardegna<\/a>.<\/p>\n<p>Se volete potete mettere un bel mi piace anche alla pagina del locale che ha organizzato il contest, ecco il link <a href=\"https:\/\/www.facebook.com\/DriMcafe?fref=ts\">DriMcaf\u00e8 Caffetteria Letteraria<\/a>.<\/p>\n<p>Grazie mille a tutti.<\/p>\n<p>A presto<\/p>\n<p>&nbsp;<\/p>\n<p style=\"text-align: right\">ES<\/p>\n<p>Hola a todo el mundo,<\/p>\n<p>Estoy participando a un concurso fotogr\u00e1fico organizado por el Drim Caf\u00e8 de Oristano, que tiene como tema la Semana Santa en Cerde\u00f1a, y necesitar\u00eda vuestra ayuda.<\/p>\n<p>Simplemente hay que poner un \u201cme gusta\u201d a mi foto a trav\u00e9s de este<a href=\"https:\/\/www.facebook.com\/photo.php?fbid=487727041354360&amp;set=a.487727018021029.1073741926.412234668903598&amp;type=1&amp;theater\"> enlace<\/a>. La foto es la N2.<\/p>\n<p>La foto la saqu\u00e9 durante las celebraciones del Viernes Santo en Cagliari. Si os apetece ver tambi\u00e9n las otras fotos sacadas durante las vacaciones en Cerde\u00f1a pod\u00e9is ver el post Vacanze di Pasqua, os dejo aqu\u00ed el enlace. (<a href=\"http:\/\/ciacipiruli.wordpress.com\/2014\/04\/25\/pasqua-in-sardegna\/\">Pasqua in Sardegna<\/a>)<\/p>\n<p>Si quer\u00e9is pod\u00e9is poner un me gusta tambi\u00e9n a la pagina facebook de la cafeter\u00eda que ha organizado el concurso, os dejo el enlace, <a href=\"https:\/\/www.facebook.com\/DriMcafe?fref=ts\">DriMcaf\u00e8 Caffetteria Letteraria<\/a>.<\/p>\n<p>Muchas gracias a todos.<\/p>\n<p>&nbsp;<\/p>\n<p style=\"text-align: right\">EN<\/p>\n<p>Hi!<\/p>\n<p>I\u2019m participating in a photographic contest organized by a coffee bar in Oristano, called Drim Caf\u00e8, and the object of the contest is the Holy Week in Sardinia. I need you help, please.<\/p>\n<p>It\u2019s really easy, you have just to put a like at the photo that you find at this <a href=\"https:\/\/www.facebook.com\/photo.php?fbid=487727041354360&amp;set=a.487727018021029.1073741926.412234668903598&amp;type=1&amp;theater\">link<\/a>. The picture is the N2.<\/p>\n<p>I took the picture during the Holy Friday in Cagliari.<\/p>\n<p>If you want to see all the pictures I took about the Holy Week, look at this other post (<a href=\"http:\/\/ciacipiruli.wordpress.com\/2014\/04\/25\/pasqua-in-sardegna\/\">Pasqua in Sardegna<\/a>).<\/p>\n<p>If you want you can put a like also at the facebook page of the coffee bar that has organised the contest, here you have the link, <a href=\"https:\/\/www.facebook.com\/DriMcafe?fref=ts\">DriMcaf\u00e8 Caffetteria Letteraria<\/a>.<\/p>\n<p>Thank you so much.<\/p>\n<p>&nbsp;<\/p>\n<p><a title=\"settimana santa cagliari\" href=\"http:\/\/www.ciacipiruli.com\/wp-content\/uploads\/2014\/04\/ciacipiruli_easterholyday_robytitta_03.jpg\"><img loading=\"lazy\" decoding=\"async\" class=\"alignnone size-full wp-image-264\" src=\"http:\/\/www.ciacipiruli.com\/wp-content\/uploads\/2014\/04\/ciacipiruli_easterholyday_robytitta_03.jpg\" alt=\"\" width=\"710\" height=\"473\" srcset=\"http:\/\/www.ciacipiruli.com\/wp-content\/uploads\/2014\/04\/ciacipiruli_easterholyday_robytitta_03.jpg 900w, http:\/\/www.ciacipiruli.com\/wp-content\/uploads\/2014\/04\/ciacipiruli_easterholyday_robytitta_03-300x200.jpg 300w, http:\/\/www.ciacipiruli.com\/wp-content\/uploads\/2014\/04\/ciacipiruli_easterholyday_robytitta_03-210x140.jpg 210w\" sizes=\"auto, (max-width: 710px) 100vw, 710px\" \/><\/a><\/p>\n<p><a title=\"Roberta Falqui\" href=\"http:\/\/www.ciacipiruli.com\/wp-content\/uploads\/2013\/09\/ciaci_blog2.jpg\"><img loading=\"lazy\" decoding=\"async\" class=\"alignnone size-full wp-image-45\" src=\"http:\/\/www.ciacipiruli.com\/wp-content\/uploads\/2013\/09\/ciaci_blog2.jpg\" alt=\"\" width=\"142\" height=\"142\"><\/a><\/p>\n<p>&nbsp;<\/p>\n","protected":false},"excerpt":{"rendered":"<p>IT Ciao a tutti, Sto partecipando a un concorso fotografico indetto dal Drim Caf\u00e8 di Oristano che ha come tema la Settimana Santa in Sardegna, e avrei bisogno del vostro aiuto. Si tratta semplicemente di mettere un &#8220;mipiace&#8221; alla mia foto a questo indirizzo. La foto \u00e8 la N2. La foto con cui partecipo l\u2019ho [&hellip;]<\/p>\n","protected":false},"author":2,"featured_media":264,"comment_status":"open","ping_status":"open","sticky":false,"template":"","format":"standard","meta":{"footnotes":""},"categories":[4],"tags":[10,11,16,26,31,35,47,50,78,79,80,82,85,116,117,119,120,125,126,127,131,133,135,136,142,143],"class_list":["post-307","post","type-post","status-publish","format-standard","has-post-thumbnail","hentry","category-life","tag-architecture","tag-architettura-2","tag-arquitectura","tag-books","tag-cagliari","tag-chachipirulijuanpelotillas","tag-dreams","tag-erasmus","tag-libri","tag-life-2","tag-lifestyle","tag-love","tag-master","tag-sardegna","tag-sardinia","tag-semana-santa","tag-settimana-santa","tag-spagna","tag-spain","tag-studiare-alestero","tag-travel","tag-traveller","tag-valencia","tag-valenzia","tag-viaggi-2","tag-viajes"],"_links":{"self":[{"href":"http:\/\/www.ciacipiruli.com\/index.php?rest_route=\/wp\/v2\/posts\/307","targetHints":{"allow":["GET"]}}],"collection":[{"href":"http:\/\/www.ciacipiruli.com\/index.php?rest_route=\/wp\/v2\/posts"}],"about":[{"href":"http:\/\/www.ciacipiruli.com\/index.php?rest_route=\/wp\/v2\/types\/post"}],"author":[{"embeddable":true,"href":"http:\/\/www.ciacipiruli.com\/index.php?rest_route=\/wp\/v2\/users\/2"}],"replies":[{"embeddable":true,"href":"http:\/\/www.ciacipiruli.com\/index.php?rest_route=%2Fwp%2Fv2%2Fcomments&post=307"}],"version-history":[{"count":2,"href":"http:\/\/www.ciacipiruli.com\/index.php?rest_route=\/wp\/v2\/posts\/307\/revisions"}],"predecessor-version":[{"id":1711,"href":"http:\/\/www.ciacipiruli.com\/index.php?rest_route=\/wp\/v2\/posts\/307\/revisions\/1711"}],"wp:featuredmedia":[{"embeddable":true,"href":"http:\/\/www.ciacipiruli.com\/index.php?rest_route=\/wp\/v2\/media\/264"}],"wp:attachment":[{"href":"http:\/\/www.ciacipiruli.com\/index.php?rest_route=%2Fwp%2Fv2%2Fmedia&parent=307"}],"wp:term":[{"taxonomy":"category","embeddable":true,"href":"http:\/\/www.ciacipiruli.com\/index.php?rest_route=%2Fwp%2Fv2%2Fcategories&post=307"},{"taxonomy":"post_tag","embeddable":true,"href":"http:\/\/www.ciacipiruli.com\/index.php?rest_route=%2Fwp%2Fv2%2Ftags&post=307"}],"curies":[{"name":"wp","href":"https:\/\/api.w.org\/{rel}","templated":true}]}}